{"id":4555,"date":"2024-07-11T14:03:20","date_gmt":"2024-07-11T14:03:20","guid":{"rendered":"https:\/\/partners.flexado.com\/flexado-et-co-office-joignent-leurs-forces-pour-des-solutions-de-bureau-innovantes\/"},"modified":"2024-07-30T12:23:38","modified_gmt":"2024-07-30T12:23:38","slug":"flexado-et-co-office-joignent-leurs-forces-pour-des-solutions-de-bureau-innovantes","status":"publish","type":"post","link":"https:\/\/partners.flexado.com\/fr\/flexado-et-co-office-joignent-leurs-forces-pour-des-solutions-de-bureau-innovantes\/","title":{"rendered":"Flexado et Co-Office joignent leurs forces pour des solutions de bureau innovantes"},"content":{"rendered":"\n\t\t<div id=\"fws_69f22d092c670\"  data-column-margin=\"default\" data-midnight=\"dark\"  class=\"wpb_row vc_row-fluid vc_row\"  style=\"padding-top: 0px; padding-bottom: 0px; \"><div class=\"row-bg-wrap\" data-bg-animation=\"none\" data-bg-animation-delay=\"\" data-bg-overlay=\"false\"><div class=\"inner-wrap row-bg-layer\" ><div class=\"row-bg viewport-desktop\"  style=\"\"><\/div><\/div><\/div><div class=\"row_col_wrap_12 col span_12 dark left\">\n\t<div  class=\"vc_col-sm-12 wpb_column column_container vc_column_container col no-extra-padding inherit_tablet inherit_phone \"  data-padding-pos=\"all\" data-has-bg-color=\"false\" data-bg-color=\"\" data-bg-opacity=\"1\" data-animation=\"\" data-delay=\"0\" >\n\t\t<div class=\"vc_column-inner\" >\n\t\t\t<div class=\"wpb_wrapper\">\n\t\t\t\t\n<div class=\"wpb_text_column wpb_content_element \" >\n\t<div class=\"wpb_wrapper\">\n\t\t<h6>Co-Office et Flexado ont uni leurs forces dans le cadre d&rsquo;une d\u00e9marche strat\u00e9gique visant \u00e0 r\u00e9pondre \u00e0 la demande croissante de solutions de bureaux flexibles \u00e0 Amsterdam. Cette collaboration leur permet d&rsquo;offrir une large gamme de services comprenant des solutions d&rsquo;espaces de travail physiques et virtuels. <\/h6>\n\t<\/div>\n<\/div>\n\n\n\n\n\t\t\t<\/div> \n\t\t<\/div>\n\t<\/div> \n<\/div><\/div>\n\t\t<div id=\"fws_69f22d092cdd4\"  data-column-margin=\"60px\" data-midnight=\"dark\"  class=\"wpb_row vc_row-fluid vc_row  top_padding_tablet_30px top_padding_phone_15px\"  style=\"padding-top: 50px; padding-bottom: 0px; \"><div class=\"row-bg-wrap\" data-bg-animation=\"none\" data-bg-animation-delay=\"\" data-bg-overlay=\"false\"><div class=\"inner-wrap row-bg-layer\" ><div class=\"row-bg viewport-desktop\"  style=\"\"><\/div><\/div><\/div><div class=\"row_col_wrap_12 col span_12 dark left\">\n\t<div  class=\"vc_col-sm-5 wpb_column column_container vc_column_container col no-extra-padding inherit_tablet inherit_phone \"  data-padding-pos=\"all\" data-has-bg-color=\"false\" data-bg-color=\"\" data-bg-opacity=\"1\" data-animation=\"\" data-delay=\"0\" >\n\t\t<div class=\"vc_column-inner\" >\n\t\t\t<div class=\"wpb_wrapper\">\n\t\t\t\t<div class=\"img-with-aniamtion-wrap  tl_br_35px tr_br_35px bl_br_35px br_br_35px \" data-max-width=\"100%\" data-max-width-mobile=\"default\" data-border-radius=\"custom\" data-shadow=\"none\" data-animation=\"none\" >\n      <div class=\"inner\">\n        <div class=\"hover-wrap\"> \n          <div class=\"hover-wrap-inner\">\n            <img loading=\"lazy\" decoding=\"async\" class=\"img-with-animation skip-lazy\" data-delay=\"0\" height=\"1000\" width=\"850\" data-animation=\"none\" src=\"https:\/\/partners.flexado.com\/wp-content\/uploads\/sites\/2\/2024\/07\/Flexado-PT-Co-Office-img-1.jpg\" alt=\"\" srcset=\"https:\/\/partners.flexado.com\/wp-content\/uploads\/sites\/2\/2024\/07\/Flexado-PT-Co-Office-img-1.jpg 850w, https:\/\/partners.flexado.com\/wp-content\/uploads\/sites\/2\/2024\/07\/Flexado-PT-Co-Office-img-1-255x300.jpg 255w, https:\/\/partners.flexado.com\/wp-content\/uploads\/sites\/2\/2024\/07\/Flexado-PT-Co-Office-img-1-768x904.jpg 768w\" sizes=\"auto, (max-width: 850px) 100vw, 850px\" \/>\n          <\/div>\n        <\/div>\n      <\/div>\n    <\/div>\n<div class=\"wpb_text_column wpb_content_element  text-small img-txt-overlay\" >\n\t<div class=\"wpb_wrapper\">\n\t\t<p><strong>Michiel te Nijenhuis<\/strong><br \/>Directeur des op\u00e9rations \u00e0 Co-Office<\/p>\n\t<\/div>\n<\/div>\n\n\n\n\n\t\t\t<\/div> \n\t\t<\/div>\n\t<\/div> \n\n\t<div  class=\"vc_col-sm-7 wpb_column column_container vc_column_container col no-extra-padding inherit_tablet inherit_phone \"  data-padding-pos=\"all\" data-has-bg-color=\"false\" data-bg-color=\"\" data-bg-opacity=\"1\" data-animation=\"\" data-delay=\"0\" >\n\t\t<div class=\"vc_column-inner\" >\n\t\t\t<div class=\"wpb_wrapper\">\n\t\t\t\t\n<div class=\"wpb_text_column wpb_content_element \" >\n\t<div class=\"wpb_wrapper\">\n\t\t<h5>Co-Office : la nouvelle norme sur le march\u00e9 des bureaux \u00e0 Amsterdam<\/h5>\n<p>Co-Office est un important joueur sur le march\u00e9 de l&rsquo;espace de bureau \u00e0 Amsterdam, connu pour son approche innovante et orient\u00e9e vers le client. L&rsquo;organisation transforme des propri\u00e9t\u00e9s strat\u00e9giquement situ\u00e9es en espaces de travail dynamiques sp\u00e9cifiquement adapt\u00e9s aux besoins des start-ups et des scale-ups. Son succ\u00e8s repose sur une approche personnelle qui lui permet de conna\u00eetre les locataires par leur nom et d&rsquo;entretenir une communaut\u00e9 d&rsquo;entrepreneurs tr\u00e8s soud\u00e9e.  <\/p>\n<p>\u00ab\u00a0Ce qui nous distingue, c&rsquo;est le contact avec le client, le bon rapport qualit\u00e9-prix et la transparence\u00a0\u00bb, explique Co-Office. Selon Michiel te Nijenhuis, directeur des op\u00e9rations de Co-Office, les cinq sites d&rsquo;Amsterdam offrent plus qu&rsquo;un simple espace de bureau de haute qualit\u00e9 ; ils cr\u00e9ent un environnement dans lequel les entreprises peuvent prosp\u00e9rer.<\/p>\n\t<\/div>\n<\/div>\n\n\n\n\n\t\t\t<\/div> \n\t\t<\/div>\n\t<\/div> \n<\/div><\/div>\n\t\t<div id=\"fws_69f22d092dd85\"  data-column-margin=\"60px\" data-midnight=\"dark\"  class=\"wpb_row vc_row-fluid vc_row  top_padding_tablet_30px top_padding_phone_15px\"  style=\"padding-top: 50px; padding-bottom: 0px; \"><div class=\"row-bg-wrap\" data-bg-animation=\"none\" data-bg-animation-delay=\"\" data-bg-overlay=\"false\"><div class=\"inner-wrap row-bg-layer\" ><div class=\"row-bg viewport-desktop\"  style=\"\"><\/div><\/div><\/div><div class=\"row_col_wrap_12 col span_12 dark left\">\n\t<div  class=\"vc_col-sm-12 wpb_column column_container vc_column_container col no-extra-padding inherit_tablet inherit_phone \"  data-padding-pos=\"all\" data-has-bg-color=\"false\" data-bg-color=\"\" data-bg-opacity=\"1\" data-animation=\"\" data-delay=\"0\" >\n\t\t<div class=\"vc_column-inner\" >\n\t\t\t<div class=\"wpb_wrapper\">\n\t\t\t\t\n<div class=\"wpb_text_column wpb_content_element \" >\n\t<div class=\"wpb_wrapper\">\n\t\t<h5>Flexado : le lien vers les solutions de bureau virtuel<\/h5>\n<p>Afin de diversifier davantage son offre de services, Co-Office a \u00e9tabli un partenariat strat\u00e9gique avec Flexado. Ce partenariat permet \u00e0 Co-Office d&rsquo;offrir des solutions de bureaux virtuels en plus des espaces de bureaux physiques. Flexado, connu pour sa plateforme conviviale, veille \u00e0 ce que les bureaux virtuels de Co-Office soient facilement rep\u00e9rables et facilite l&rsquo;ensemble du processus, de la demande \u00e0 l&rsquo;accord, en passant par le traitement du courrier.  <\/p>\n<p>\u00ab\u00a0Flexado nous permet de proposer facilement des bureaux virtuels en plus des bureaux physiques. Avec Flexado comme interm\u00e9diaire, il est beaucoup plus facile pour nous d&rsquo;envoyer le courrier entrant \u00e0 nos clients en temps et en heure\u00a0\u00bb, a d\u00e9clar\u00e9 Co-Office.<\/p>\n\t<\/div>\n<\/div>\n\n\n\n\n\t\t\t<\/div> \n\t\t<\/div>\n\t<\/div> \n<\/div><\/div>\n\t\t<div id=\"fws_69f22d092e236\"  data-column-margin=\"60px\" data-midnight=\"dark\"  class=\"wpb_row vc_row-fluid vc_row  top_padding_tablet_30px top_padding_phone_15px\"  style=\"padding-top: 50px; padding-bottom: 0px; \"><div class=\"row-bg-wrap\" data-bg-animation=\"none\" data-bg-animation-delay=\"\" data-bg-overlay=\"false\"><div class=\"inner-wrap row-bg-layer\" ><div class=\"row-bg viewport-desktop\"  style=\"\"><\/div><\/div><\/div><div class=\"row_col_wrap_12 col span_12 dark left\">\n\t<div  class=\"vc_col-sm-12 wpb_column column_container vc_column_container col no-extra-padding inherit_tablet inherit_phone \"  data-padding-pos=\"all\" data-has-bg-color=\"false\" data-bg-color=\"\" data-bg-opacity=\"1\" data-animation=\"\" data-delay=\"0\" >\n\t\t<div class=\"vc_column-inner\" >\n\t\t\t<div class=\"wpb_wrapper\">\n\t\t\t\t\n<div class=\"wpb_text_column wpb_content_element \" >\n\t<div class=\"wpb_wrapper\">\n\t\t<h5>Avantages de la coop\u00e9ration<\/h5>\n<p>La collaboration entre Flexado et Co-Office pr\u00e9sente de nombreux avantages pour les deux parties et leurs clients. Les clients ont acc\u00e8s \u00e0 des solutions de bureau abordables et flexibles, tandis que Co-Office am\u00e9liore son efficacit\u00e9 op\u00e9rationnelle et peut se concentrer sur l&rsquo;expansion et le service \u00e0 la client\u00e8le. <\/p>\n<p>Selon Michiel, l&rsquo;externalisation de la gestion du courrier par Flexado Co-Office nous permet d&rsquo;ouvrir rapidement de nouveaux sites et de renforcer notre ambition d&rsquo;\u00eatre un acteur de premier plan sur le march\u00e9 des bureaux d&rsquo;Amsterdam.<\/p>\n<p>\u00ab\u00a0Nous avons plus de temps \u00e0 consacrer \u00e0 nos clients et \u00e0 l&rsquo;ouverture de nouveaux sites. En outre, nous n&rsquo;avons pas besoin d&#8217;embaucher un employ\u00e9 \u00e0 temps plein pour traiter le courrier.\u00a0\u00bb<\/p>\n\t<\/div>\n<\/div>\n\n\n\n\n\t\t\t<\/div> \n\t\t<\/div>\n\t<\/div> \n<\/div><\/div>\n\t\t<div id=\"fws_69f22d092e6ca\"  data-column-margin=\"60px\" data-midnight=\"dark\"  class=\"wpb_row vc_row-fluid vc_row  top_padding_tablet_30px top_padding_phone_15px\"  style=\"padding-top: 50px; padding-bottom: 0px; \"><div class=\"row-bg-wrap\" data-bg-animation=\"none\" data-bg-animation-delay=\"\" data-bg-overlay=\"false\"><div class=\"inner-wrap row-bg-layer\" ><div class=\"row-bg viewport-desktop\"  style=\"\"><\/div><\/div><\/div><div class=\"row_col_wrap_12 col span_12 dark left\">\n\t<div  class=\"vc_col-sm-12 wpb_column column_container vc_column_container col has-animation no-extra-padding inherit_tablet inherit_phone \"  data-padding-pos=\"all\" data-has-bg-color=\"false\" data-bg-color=\"\" data-bg-opacity=\"1\" data-animation=\"slight-fade-in-from-bottom\" data-delay=\"0\" >\n\t\t<div class=\"vc_column-inner\" >\n\t\t\t<div class=\"wpb_wrapper\">\n\t\t\t\t<div class=\"img-with-aniamtion-wrap  margin_left_phone_-12.5pct tl_br_35px tr_br_35px bl_br_35px br_br_35px \" data-max-width=\"110%\" data-max-width-mobile=\"125%\" data-border-radius=\"custom\" data-shadow=\"none\" data-animation=\"none\"  style=\"margin-left: -5%;\">\n      <div class=\"inner\">\n        <div class=\"hover-wrap\"> \n          <div class=\"hover-wrap-inner\">\n            <img loading=\"lazy\" decoding=\"async\" class=\"img-with-animation skip-lazy\" data-delay=\"0\" height=\"955\" width=\"1500\" data-animation=\"none\" src=\"https:\/\/partners.flexado.com\/wp-content\/uploads\/sites\/2\/2024\/07\/Flexado-PT-Co-Office-header.jpg\" alt=\"\" srcset=\"https:\/\/partners.flexado.com\/wp-content\/uploads\/sites\/2\/2024\/07\/Flexado-PT-Co-Office-header.jpg 1500w, https:\/\/partners.flexado.com\/wp-content\/uploads\/sites\/2\/2024\/07\/Flexado-PT-Co-Office-header-300x191.jpg 300w, https:\/\/partners.flexado.com\/wp-content\/uploads\/sites\/2\/2024\/07\/Flexado-PT-Co-Office-header-1024x652.jpg 1024w, https:\/\/partners.flexado.com\/wp-content\/uploads\/sites\/2\/2024\/07\/Flexado-PT-Co-Office-header-768x489.jpg 768w\" sizes=\"auto, (max-width: 1500px) 100vw, 1500px\" \/>\n          <\/div>\n        <\/div>\n      <\/div>\n    <\/div>\n<div class=\"wpb_text_column wpb_content_element  text-small img-txt-overlay-2\" >\n\t<div class=\"wpb_wrapper\">\n\t\t<p><strong>Bruggebouw, Amsterdam<\/strong><br \/>Bos en Lommerplein 270 &#8211; 300 <\/p>\n\t<\/div>\n<\/div>\n\n\n\n\n\t\t\t<\/div> \n\t\t<\/div>\n\t<\/div> \n<\/div><\/div>\n\t\t<div id=\"fws_69f22d092ef50\"  data-column-margin=\"60px\" data-midnight=\"dark\"  class=\"wpb_row vc_row-fluid vc_row  top_padding_tablet_30px top_padding_phone_15px\"  style=\"padding-top: 50px; padding-bottom: 0px; \"><div class=\"row-bg-wrap\" data-bg-animation=\"none\" data-bg-animation-delay=\"\" data-bg-overlay=\"false\"><div class=\"inner-wrap row-bg-layer\" ><div class=\"row-bg viewport-desktop\"  style=\"\"><\/div><\/div><\/div><div class=\"row_col_wrap_12 col span_12 dark left\">\n\t<div  class=\"vc_col-sm-12 wpb_column column_container vc_column_container col no-extra-padding inherit_tablet inherit_phone \"  data-padding-pos=\"all\" data-has-bg-color=\"false\" data-bg-color=\"\" data-bg-opacity=\"1\" data-animation=\"\" data-delay=\"0\" >\n\t\t<div class=\"vc_column-inner\" >\n\t\t\t<div class=\"wpb_wrapper\">\n\t\t\t\t\n<div class=\"wpb_text_column wpb_content_element \" >\n\t<div class=\"wpb_wrapper\">\n\t\t<h5>Une vision commune de l&rsquo;avenir<\/h5>\n<p>Avec l&rsquo;ambition d&rsquo;enrichir chaque coin d&rsquo;Amsterdam avec un emplacement Co-Office, le partenariat avec Flexado est une \u00e9tape cruciale dans leur strat\u00e9gie de croissance. Co-Office vise \u00e0 devenir le partenaire de choix des entreprises \u00e0 la recherche d&rsquo;un espace de travail flexible et de haute qualit\u00e9. <\/p>\n<p>Co-Office a pour objectif de fa\u00e7onner et de faire prosp\u00e9rer l&rsquo;avenir du travail et de l&rsquo;entrepreneuriat en \u00e9tendant son r\u00e9seau et en proposant des solutions innovantes. Avec Flexado \u00e0 leurs c\u00f4t\u00e9s, ils sont bien positionn\u00e9s pour r\u00e9aliser cette vision et fournir \u00e0 leurs clients la meilleure exp\u00e9rience.<\/p>\n\t<\/div>\n<\/div>\n\n\n\n\n\t\t\t<\/div> \n\t\t<\/div>\n\t<\/div> \n<\/div><\/div>\n\t\t<div id=\"fws_69f22d092f3f4\"  data-column-margin=\"60px\" data-midnight=\"dark\"  class=\"wpb_row vc_row-fluid vc_row  top_padding_tablet_30px top_padding_phone_15px\"  style=\"padding-top: 50px; padding-bottom: 0px; \"><div class=\"row-bg-wrap\" data-bg-animation=\"none\" data-bg-animation-delay=\"\" data-bg-overlay=\"false\"><div class=\"inner-wrap row-bg-layer\" ><div class=\"row-bg viewport-desktop\"  style=\"\"><\/div><\/div><\/div><div class=\"row_col_wrap_12 col span_12 dark left\">\n\t<div  class=\"vc_col-sm-12 wpb_column column_container vc_column_container col no-extra-padding inherit_tablet inherit_phone \"  data-padding-pos=\"all\" data-has-bg-color=\"false\" data-bg-color=\"\" data-bg-opacity=\"1\" data-animation=\"\" data-delay=\"0\" >\n\t\t<div class=\"vc_column-inner\" >\n\t\t\t<div class=\"wpb_wrapper\">\n\t\t\t\t\n<div class=\"wpb_text_column wpb_content_element \" >\n\t<div class=\"wpb_wrapper\">\n\t\t<h5>Alliances innovantes : Co-Office et Flexado transforment le march\u00e9 des bureaux \u00e0 Amsterdam<\/h5>\n<p>La collaboration entre Co-Office et Flexado repr\u00e9sente un d\u00e9veloppement passionnant sur le march\u00e9 des bureaux d&rsquo;Amsterdam. En combinant des solutions de bureaux physiques et virtuels, ils peuvent \u00e9largir leur offre de services et r\u00e9pondre \u00e0 la demande croissante de solutions d&rsquo;espaces de travail flexibles. Cette alliance strat\u00e9gique souligne leur engagement commun \u00e0 fournir des solutions innovantes et ax\u00e9es sur le client \u00e0 la communaut\u00e9 dynamique des entrepreneurs.<\/p>\n\t<\/div>\n<\/div>\n\n\n\n\n\t\t\t<\/div> \n\t\t<\/div>\n\t<\/div> \n<\/div><\/div>\n\t\t<div id=\"fws_69f22d092f874\"  data-column-margin=\"60px\" data-midnight=\"dark\"  class=\"wpb_row vc_row-fluid vc_row  top_padding_tablet_30px top_padding_phone_15px\"  style=\"padding-top: 50px; padding-bottom: 0px; \"><div class=\"row-bg-wrap\" data-bg-animation=\"none\" data-bg-animation-delay=\"\" data-bg-overlay=\"false\"><div class=\"inner-wrap row-bg-layer\" ><div class=\"row-bg viewport-desktop\"  style=\"\"><\/div><\/div><\/div><div class=\"row_col_wrap_12 col span_12 dark left\">\n\t<div style=\"\" class=\"vc_col-sm-12 wpb_column column_container vc_column_container col padding-2-percent inherit_tablet inherit_phone tl_br_35px tr_br_35px bl_br_35px br_br_35px \" data-using-bg=\"true\" data-shadow=\"custom\" data-padding-pos=\"all\" data-has-bg-color=\"true\" data-bg-color=\"#ffffff\" data-bg-opacity=\"1\" data-animation=\"\" data-delay=\"0\" >\n\t\t<div class=\"vc_column-inner\" style=\"box-shadow: 0px 14px 50px -5px rgba(0,0,0,0.075);\"><div class=\"column-bg-overlay-wrap column-bg-layer\" data-bg-animation=\"none\"><div class=\"column-bg-overlay\" style=\"opacity: 1; background-color: #ffffff;\"><\/div><\/div>\n\t\t\t<div class=\"wpb_wrapper\">\n\t\t\t\t<div id=\"fws_69f22d09314f9\" data-midnight=\"\" data-column-margin=\"default\" class=\"wpb_row vc_row-fluid vc_row inner_row\"  style=\"\"><div class=\"row-bg-wrap\"> <div class=\"row-bg\" ><\/div> <\/div><div class=\"row_col_wrap_12_inner col span_12  left\">\n\t<div style=\"\" class=\"vc_col-sm-3 wpb_column column_container vc_column_container col child_column no-extra-padding inherit_tablet inherit_phone \"  data-using-bg=\"true\" data-border-radius=\"15px\" data-padding-pos=\"all\" data-has-bg-color=\"true\" data-bg-color=\"#f7f7f7\" data-bg-opacity=\"1\" data-animation=\"\" data-delay=\"0\" >\n\t\t<div class=\"vc_column-inner\" ><div class=\"column-bg-overlay-wrap column-bg-layer\" data-bg-animation=\"none\"><div class=\"column-bg-overlay\" style=\"opacity: 1; background-color: #f7f7f7;\"><\/div><\/div>\n\t\t<div class=\"wpb_wrapper\">\n\t\t\t<div class=\"img-with-aniamtion-wrap \" data-max-width=\"100%\" data-max-width-mobile=\"default\" data-shadow=\"none\" data-animation=\"none\" >\n      <div class=\"inner\">\n        <div class=\"hover-wrap\"> \n          <div class=\"hover-wrap-inner\">\n            <img loading=\"lazy\" decoding=\"async\" class=\"img-with-animation skip-lazy\" data-delay=\"0\" height=\"768\" width=\"768\" data-animation=\"none\" src=\"https:\/\/partners.flexado.com\/wp-content\/uploads\/sites\/2\/2024\/07\/Co-Office-WME-Logo-W.png\" alt=\"\" srcset=\"https:\/\/partners.flexado.com\/wp-content\/uploads\/sites\/2\/2024\/07\/Co-Office-WME-Logo-W.png 768w, https:\/\/partners.flexado.com\/wp-content\/uploads\/sites\/2\/2024\/07\/Co-Office-WME-Logo-W-300x300.png 300w, https:\/\/partners.flexado.com\/wp-content\/uploads\/sites\/2\/2024\/07\/Co-Office-WME-Logo-W-150x150.png 150w, https:\/\/partners.flexado.com\/wp-content\/uploads\/sites\/2\/2024\/07\/Co-Office-WME-Logo-W-100x100.png 100w, https:\/\/partners.flexado.com\/wp-content\/uploads\/sites\/2\/2024\/07\/Co-Office-WME-Logo-W-140x140.png 140w, https:\/\/partners.flexado.com\/wp-content\/uploads\/sites\/2\/2024\/07\/Co-Office-WME-Logo-W-500x500.png 500w, https:\/\/partners.flexado.com\/wp-content\/uploads\/sites\/2\/2024\/07\/Co-Office-WME-Logo-W-350x350.png 350w\" sizes=\"auto, (max-width: 768px) 100vw, 768px\" \/>\n          <\/div>\n        <\/div>\n      <\/div>\n    <\/div>\n\t\t<\/div> \n\t<\/div>\n\t<\/div> \n\n\t<div  class=\"vc_col-sm-9 wpb_column column_container vc_column_container col child_column padding-1-percent inherit_tablet inherit_phone \"   data-padding-pos=\"all\" data-has-bg-color=\"false\" data-bg-color=\"\" data-bg-opacity=\"1\" data-animation=\"\" data-delay=\"0\" >\n\t\t<div class=\"vc_column-inner\" >\n\t\t<div class=\"wpb_wrapper\">\n\t\t\t\n<div class=\"wpb_text_column wpb_content_element \" >\n\t<div class=\"wpb_wrapper\">\n\t\t<h5>Locatie links<\/h5>\n<p><span class=\"location-link\">Website: <a href=\"https:\/\/co-office.nu\" target=\"_blank\" rel=\"noopener\">https:\/\/co-office.nu<\/a><\/span><span class=\"location-link\">Instagram: <a href=\"https:\/\/www.instagram.com\/co_office\/\" target=\"_blank\" rel=\"noopener\">https:\/\/www.instagram.com\/co_office\/<\/a><\/span><span class=\"location-link location-link-last\">Linkedin: <a href=\"https:\/\/www.linkedin.com\/company\/co-officenu\/posts\/?feedView=all\" target=\"_blank\" rel=\"noopener\">https:\/\/www.linkedin.com\/company\/co-officenu\/<\/a><\/span><\/p>\n\t<\/div>\n<\/div>\n\n\n\n\n\t\t<\/div> \n\t<\/div>\n\t<\/div> \n<\/div><\/div>\n\t\t\t<\/div> \n\t\t<\/div>\n\t<\/div> \n<\/div><\/div>\n"},"excerpt":{"rendered":"<p>[vc_row type=\u00a0\u00bbin_container\u00a0\u00bb full_screen_row_position=\u00a0\u00bbmiddle\u00a0\u00bb column_margin=\u00a0\u00bbdefault\u00a0\u00bb column_direction=\u00a0\u00bbdefault\u00a0\u00bb column_direction_tablet=\u00a0\u00bbdefault\u00a0\u00bb column_direction_phone=\u00a0\u00bbdefault\u00a0\u00bb scene_position=\u00a0\u00bbcenter\u00a0\u00bb text_color=\u00a0\u00bbdark\u00a0\u00bb text_align=\u00a0\u00bbleft\u00a0\u00bb row_border_radius=\u00a0\u00bbnone\u00a0\u00bb row_border_radius_applies=\u00a0\u00bbbg\u00a0\u00bb overflow=\u00a0\u00bbvisible\u00a0\u00bb overlay_strength=\u00a0\u00bb0.3&Prime; gradient_direction=\u00a0\u00bbleft_to_right\u00a0\u00bb shape_divider_position=\u00a0\u00bbbottom\u00a0\u00bb bg_image_animation=\u00a0\u00bbnone\u00a0\u00bb][vc_column column_padding=\u00a0\u00bbno-extra-padding\u00a0\u00bb column_padding_tablet=\u00a0\u00bbinherit\u00a0\u00bb column_padding_phone=\u00a0\u00bbinherit\u00a0\u00bb column_padding_position=\u00a0\u00bball\u00a0\u00bb column_element_direction_desktop=\u00a0\u00bbdefault\u00a0\u00bb column_element_spacing=\u00a0\u00bbdefault\u00a0\u00bb desktop_text_alignment=\u00a0\u00bbdefault\u00a0\u00bb tablet_text_alignment=\u00a0\u00bbdefault\u00a0\u00bb phone_text_alignment=\u00a0\u00bbdefault\u00a0\u00bb background_color_opacity=\u00a0\u00bb1&Prime; background_hover_color_opacity=\u00a0\u00bb1&Prime; column_backdrop_filter=\u00a0\u00bbnone\u00a0\u00bb column_shadow=\u00a0\u00bbnone\u00a0\u00bb&#8230;<\/p>\n","protected":false},"author":3,"featured_media":4536,"comment_status":"closed","ping_status":"open","sticky":false,"template":"","format":"standard","meta":{"inline_featured_image":false,"footnotes":""},"categories":[48],"tags":[],"class_list":{"0":"post-4555","1":"post","2":"type-post","3":"status-publish","4":"format-standard","5":"has-post-thumbnail","7":"category-temoignages"},"yoast_head":"<!-- This site is optimized with the Yoast SEO Premium plugin v24.2 (Yoast SEO v24.2) - https:\/\/yoast.com\/wordpress\/plugins\/seo\/ -->\n<title>Flexado et Co-Office joignent leurs forces pour des solutions de bureau innovantes - Flexado Partners<\/title>\n<meta name=\"robots\" content=\"index, follow, max-snippet:-1, max-image-preview:large, max-video-preview:-1\" \/>\n<link rel=\"canonical\" href=\"https:\/\/partners.flexado.com\/fr\/flexado-et-co-office-joignent-leurs-forces-pour-des-solutions-de-bureau-innovantes\/\" \/>\n<meta property=\"og:locale\" content=\"fr_FR\" \/>\n<meta property=\"og:type\" content=\"article\" \/>\n<meta property=\"og:title\" content=\"Flexado et Co-Office joignent leurs forces pour des solutions de bureau innovantes\" \/>\n<meta property=\"og:description\" content=\"[vc_row type=\u00a0\u00bbin_container\u00a0\u00bb full_screen_row_position=\u00a0\u00bbmiddle\u00a0\u00bb column_margin=\u00a0\u00bbdefault\u00a0\u00bb column_direction=\u00a0\u00bbdefault\u00a0\u00bb column_direction_tablet=\u00a0\u00bbdefault\u00a0\u00bb column_direction_phone=\u00a0\u00bbdefault\u00a0\u00bb scene_position=\u00a0\u00bbcenter\u00a0\u00bb text_color=\u00a0\u00bbdark\u00a0\u00bb text_align=\u00a0\u00bbleft\u00a0\u00bb row_border_radius=\u00a0\u00bbnone\u00a0\u00bb row_border_radius_applies=\u00a0\u00bbbg\u00a0\u00bb overflow=\u00a0\u00bbvisible\u00a0\u00bb overlay_strength=\u00a0\u00bb0.3&Prime; gradient_direction=\u00a0\u00bbleft_to_right\u00a0\u00bb shape_divider_position=\u00a0\u00bbbottom\u00a0\u00bb bg_image_animation=\u00a0\u00bbnone\u00a0\u00bb][vc_column column_padding=\u00a0\u00bbno-extra-padding\u00a0\u00bb column_padding_tablet=\u00a0\u00bbinherit\u00a0\u00bb column_padding_phone=\u00a0\u00bbinherit\u00a0\u00bb column_padding_position=\u00a0\u00bball\u00a0\u00bb column_element_direction_desktop=\u00a0\u00bbdefault\u00a0\u00bb column_element_spacing=\u00a0\u00bbdefault\u00a0\u00bb desktop_text_alignment=\u00a0\u00bbdefault\u00a0\u00bb tablet_text_alignment=\u00a0\u00bbdefault\u00a0\u00bb phone_text_alignment=\u00a0\u00bbdefault\u00a0\u00bb background_color_opacity=\u00a0\u00bb1&Prime; background_hover_color_opacity=\u00a0\u00bb1&Prime; column_backdrop_filter=\u00a0\u00bbnone\u00a0\u00bb column_shadow=\u00a0\u00bbnone\u00a0\u00bb...\" \/>\n<meta property=\"og:url\" content=\"https:\/\/partners.flexado.com\/fr\/flexado-et-co-office-joignent-leurs-forces-pour-des-solutions-de-bureau-innovantes\/\" \/>\n<meta property=\"og:site_name\" content=\"Flexado Partners\" \/>\n<meta property=\"article:published_time\" content=\"2024-07-11T14:03:20+00:00\" \/>\n<meta property=\"article:modified_time\" content=\"2024-07-30T12:23:38+00:00\" \/>\n<meta property=\"og:image\" content=\"https:\/\/partners.flexado.com\/wp-content\/uploads\/sites\/2\/2024\/07\/Flexado-PT-Co-Office-header-2.jpg\" \/>\n\t<meta property=\"og:image:width\" content=\"1500\" \/>\n\t<meta property=\"og:image:height\" content=\"955\" \/>\n\t<meta property=\"og:image:type\" content=\"image\/jpeg\" \/>\n<meta name=\"author\" content=\"ardaan\" \/>\n<meta name=\"twitter:card\" content=\"summary_large_image\" \/>\n<meta name=\"twitter:label1\" content=\"\u00c9crit par\" \/>\n\t<meta name=\"twitter:data1\" content=\"ardaan\" \/>\n\t<meta name=\"twitter:label2\" content=\"Dur\u00e9e de lecture estim\u00e9e\" \/>\n\t<meta name=\"twitter:data2\" content=\"13 minutes\" \/>\n<script type=\"application\/ld+json\" class=\"yoast-schema-graph\">{\"@context\":\"https:\/\/schema.org\",\"@graph\":[{\"@type\":\"WebPage\",\"@id\":\"https:\/\/partners.flexado.com\/fr\/flexado-et-co-office-joignent-leurs-forces-pour-des-solutions-de-bureau-innovantes\/\",\"url\":\"https:\/\/partners.flexado.com\/fr\/flexado-et-co-office-joignent-leurs-forces-pour-des-solutions-de-bureau-innovantes\/\",\"name\":\"Flexado et Co-Office joignent leurs forces pour des solutions de bureau innovantes - Flexado Partners\",\"isPartOf\":{\"@id\":\"https:\/\/partners.flexado.com\/en\/#website\"},\"primaryImageOfPage\":{\"@id\":\"https:\/\/partners.flexado.com\/fr\/flexado-et-co-office-joignent-leurs-forces-pour-des-solutions-de-bureau-innovantes\/#primaryimage\"},\"image\":{\"@id\":\"https:\/\/partners.flexado.com\/fr\/flexado-et-co-office-joignent-leurs-forces-pour-des-solutions-de-bureau-innovantes\/#primaryimage\"},\"thumbnailUrl\":\"https:\/\/partners.flexado.com\/wp-content\/uploads\/sites\/2\/2024\/07\/Flexado-PT-Co-Office-header-2.jpg\",\"datePublished\":\"2024-07-11T14:03:20+00:00\",\"dateModified\":\"2024-07-30T12:23:38+00:00\",\"author\":{\"@id\":\"https:\/\/partners.flexado.com\/en\/#\/schema\/person\/266e44cd63622c4043997f6b860cd4f1\"},\"breadcrumb\":{\"@id\":\"https:\/\/partners.flexado.com\/fr\/flexado-et-co-office-joignent-leurs-forces-pour-des-solutions-de-bureau-innovantes\/#breadcrumb\"},\"inLanguage\":\"fr-FR\",\"potentialAction\":[{\"@type\":\"ReadAction\",\"target\":[\"https:\/\/partners.flexado.com\/fr\/flexado-et-co-office-joignent-leurs-forces-pour-des-solutions-de-bureau-innovantes\/\"]}]},{\"@type\":\"ImageObject\",\"inLanguage\":\"fr-FR\",\"@id\":\"https:\/\/partners.flexado.com\/fr\/flexado-et-co-office-joignent-leurs-forces-pour-des-solutions-de-bureau-innovantes\/#primaryimage\",\"url\":\"https:\/\/partners.flexado.com\/wp-content\/uploads\/sites\/2\/2024\/07\/Flexado-PT-Co-Office-header-2.jpg\",\"contentUrl\":\"https:\/\/partners.flexado.com\/wp-content\/uploads\/sites\/2\/2024\/07\/Flexado-PT-Co-Office-header-2.jpg\",\"width\":1500,\"height\":955},{\"@type\":\"BreadcrumbList\",\"@id\":\"https:\/\/partners.flexado.com\/fr\/flexado-et-co-office-joignent-leurs-forces-pour-des-solutions-de-bureau-innovantes\/#breadcrumb\",\"itemListElement\":[{\"@type\":\"ListItem\",\"position\":1,\"name\":\"Home\",\"item\":\"https:\/\/partners.flexado.com\/fr\/travailler-ensemble-2025\/\"},{\"@type\":\"ListItem\",\"position\":2,\"name\":\"Flexado et Co-Office joignent leurs forces pour des solutions de bureau innovantes\"}]},{\"@type\":\"WebSite\",\"@id\":\"https:\/\/partners.flexado.com\/en\/#website\",\"url\":\"https:\/\/partners.flexado.com\/en\/\",\"name\":\"Flexado Partners\",\"description\":\"All-in-one virtual office software\",\"potentialAction\":[{\"@type\":\"SearchAction\",\"target\":{\"@type\":\"EntryPoint\",\"urlTemplate\":\"https:\/\/partners.flexado.com\/en\/?s={search_term_string}\"},\"query-input\":{\"@type\":\"PropertyValueSpecification\",\"valueRequired\":true,\"valueName\":\"search_term_string\"}}],\"inLanguage\":\"fr-FR\"},{\"@type\":\"Person\",\"@id\":\"https:\/\/partners.flexado.com\/en\/#\/schema\/person\/266e44cd63622c4043997f6b860cd4f1\",\"name\":\"ardaan\",\"url\":\"https:\/\/partners.flexado.com\/fr\/author\/ardaan\/\"}]}<\/script>\n<!-- \/ Yoast SEO Premium plugin. -->","yoast_head_json":{"title":"Flexado et Co-Office joignent leurs forces pour des solutions de bureau innovantes - Flexado Partners","robots":{"index":"index","follow":"follow","max-snippet":"max-snippet:-1","max-image-preview":"max-image-preview:large","max-video-preview":"max-video-preview:-1"},"canonical":"https:\/\/partners.flexado.com\/fr\/flexado-et-co-office-joignent-leurs-forces-pour-des-solutions-de-bureau-innovantes\/","og_locale":"fr_FR","og_type":"article","og_title":"Flexado et Co-Office joignent leurs forces pour des solutions de bureau innovantes","og_description":"[vc_row type=\u00a0\u00bbin_container\u00a0\u00bb full_screen_row_position=\u00a0\u00bbmiddle\u00a0\u00bb column_margin=\u00a0\u00bbdefault\u00a0\u00bb column_direction=\u00a0\u00bbdefault\u00a0\u00bb column_direction_tablet=\u00a0\u00bbdefault\u00a0\u00bb column_direction_phone=\u00a0\u00bbdefault\u00a0\u00bb scene_position=\u00a0\u00bbcenter\u00a0\u00bb text_color=\u00a0\u00bbdark\u00a0\u00bb text_align=\u00a0\u00bbleft\u00a0\u00bb row_border_radius=\u00a0\u00bbnone\u00a0\u00bb row_border_radius_applies=\u00a0\u00bbbg\u00a0\u00bb overflow=\u00a0\u00bbvisible\u00a0\u00bb overlay_strength=\u00a0\u00bb0.3&Prime; gradient_direction=\u00a0\u00bbleft_to_right\u00a0\u00bb shape_divider_position=\u00a0\u00bbbottom\u00a0\u00bb bg_image_animation=\u00a0\u00bbnone\u00a0\u00bb][vc_column column_padding=\u00a0\u00bbno-extra-padding\u00a0\u00bb column_padding_tablet=\u00a0\u00bbinherit\u00a0\u00bb column_padding_phone=\u00a0\u00bbinherit\u00a0\u00bb column_padding_position=\u00a0\u00bball\u00a0\u00bb column_element_direction_desktop=\u00a0\u00bbdefault\u00a0\u00bb column_element_spacing=\u00a0\u00bbdefault\u00a0\u00bb desktop_text_alignment=\u00a0\u00bbdefault\u00a0\u00bb tablet_text_alignment=\u00a0\u00bbdefault\u00a0\u00bb phone_text_alignment=\u00a0\u00bbdefault\u00a0\u00bb background_color_opacity=\u00a0\u00bb1&Prime; background_hover_color_opacity=\u00a0\u00bb1&Prime; column_backdrop_filter=\u00a0\u00bbnone\u00a0\u00bb column_shadow=\u00a0\u00bbnone\u00a0\u00bb...","og_url":"https:\/\/partners.flexado.com\/fr\/flexado-et-co-office-joignent-leurs-forces-pour-des-solutions-de-bureau-innovantes\/","og_site_name":"Flexado Partners","article_published_time":"2024-07-11T14:03:20+00:00","article_modified_time":"2024-07-30T12:23:38+00:00","og_image":[{"width":1500,"height":955,"url":"https:\/\/partners.flexado.com\/wp-content\/uploads\/sites\/2\/2024\/07\/Flexado-PT-Co-Office-header-2.jpg","type":"image\/jpeg"}],"author":"ardaan","twitter_card":"summary_large_image","twitter_misc":{"\u00c9crit par":"ardaan","Dur\u00e9e de lecture estim\u00e9e":"13 minutes"},"schema":{"@context":"https:\/\/schema.org","@graph":[{"@type":"WebPage","@id":"https:\/\/partners.flexado.com\/fr\/flexado-et-co-office-joignent-leurs-forces-pour-des-solutions-de-bureau-innovantes\/","url":"https:\/\/partners.flexado.com\/fr\/flexado-et-co-office-joignent-leurs-forces-pour-des-solutions-de-bureau-innovantes\/","name":"Flexado et Co-Office joignent leurs forces pour des solutions de bureau innovantes - Flexado Partners","isPartOf":{"@id":"https:\/\/partners.flexado.com\/en\/#website"},"primaryImageOfPage":{"@id":"https:\/\/partners.flexado.com\/fr\/flexado-et-co-office-joignent-leurs-forces-pour-des-solutions-de-bureau-innovantes\/#primaryimage"},"image":{"@id":"https:\/\/partners.flexado.com\/fr\/flexado-et-co-office-joignent-leurs-forces-pour-des-solutions-de-bureau-innovantes\/#primaryimage"},"thumbnailUrl":"https:\/\/partners.flexado.com\/wp-content\/uploads\/sites\/2\/2024\/07\/Flexado-PT-Co-Office-header-2.jpg","datePublished":"2024-07-11T14:03:20+00:00","dateModified":"2024-07-30T12:23:38+00:00","author":{"@id":"https:\/\/partners.flexado.com\/en\/#\/schema\/person\/266e44cd63622c4043997f6b860cd4f1"},"breadcrumb":{"@id":"https:\/\/partners.flexado.com\/fr\/flexado-et-co-office-joignent-leurs-forces-pour-des-solutions-de-bureau-innovantes\/#breadcrumb"},"inLanguage":"fr-FR","potentialAction":[{"@type":"ReadAction","target":["https:\/\/partners.flexado.com\/fr\/flexado-et-co-office-joignent-leurs-forces-pour-des-solutions-de-bureau-innovantes\/"]}]},{"@type":"ImageObject","inLanguage":"fr-FR","@id":"https:\/\/partners.flexado.com\/fr\/flexado-et-co-office-joignent-leurs-forces-pour-des-solutions-de-bureau-innovantes\/#primaryimage","url":"https:\/\/partners.flexado.com\/wp-content\/uploads\/sites\/2\/2024\/07\/Flexado-PT-Co-Office-header-2.jpg","contentUrl":"https:\/\/partners.flexado.com\/wp-content\/uploads\/sites\/2\/2024\/07\/Flexado-PT-Co-Office-header-2.jpg","width":1500,"height":955},{"@type":"BreadcrumbList","@id":"https:\/\/partners.flexado.com\/fr\/flexado-et-co-office-joignent-leurs-forces-pour-des-solutions-de-bureau-innovantes\/#breadcrumb","itemListElement":[{"@type":"ListItem","position":1,"name":"Home","item":"https:\/\/partners.flexado.com\/fr\/travailler-ensemble-2025\/"},{"@type":"ListItem","position":2,"name":"Flexado et Co-Office joignent leurs forces pour des solutions de bureau innovantes"}]},{"@type":"WebSite","@id":"https:\/\/partners.flexado.com\/en\/#website","url":"https:\/\/partners.flexado.com\/en\/","name":"Flexado Partners","description":"All-in-one virtual office software","potentialAction":[{"@type":"SearchAction","target":{"@type":"EntryPoint","urlTemplate":"https:\/\/partners.flexado.com\/en\/?s={search_term_string}"},"query-input":{"@type":"PropertyValueSpecification","valueRequired":true,"valueName":"search_term_string"}}],"inLanguage":"fr-FR"},{"@type":"Person","@id":"https:\/\/partners.flexado.com\/en\/#\/schema\/person\/266e44cd63622c4043997f6b860cd4f1","name":"ardaan","url":"https:\/\/partners.flexado.com\/fr\/author\/ardaan\/"}]}},"_links":{"self":[{"href":"https:\/\/partners.flexado.com\/fr\/wp-json\/wp\/v2\/posts\/4555","targetHints":{"allow":["GET"]}}],"collection":[{"href":"https:\/\/partners.flexado.com\/fr\/wp-json\/wp\/v2\/posts"}],"about":[{"href":"https:\/\/partners.flexado.com\/fr\/wp-json\/wp\/v2\/types\/post"}],"author":[{"embeddable":true,"href":"https:\/\/partners.flexado.com\/fr\/wp-json\/wp\/v2\/users\/3"}],"replies":[{"embeddable":true,"href":"https:\/\/partners.flexado.com\/fr\/wp-json\/wp\/v2\/comments?post=4555"}],"version-history":[{"count":5,"href":"https:\/\/partners.flexado.com\/fr\/wp-json\/wp\/v2\/posts\/4555\/revisions"}],"predecessor-version":[{"id":4560,"href":"https:\/\/partners.flexado.com\/fr\/wp-json\/wp\/v2\/posts\/4555\/revisions\/4560"}],"wp:featuredmedia":[{"embeddable":true,"href":"https:\/\/partners.flexado.com\/fr\/wp-json\/wp\/v2\/media\/4536"}],"wp:attachment":[{"href":"https:\/\/partners.flexado.com\/fr\/wp-json\/wp\/v2\/media?parent=4555"}],"wp:term":[{"taxonomy":"category","embeddable":true,"href":"https:\/\/partners.flexado.com\/fr\/wp-json\/wp\/v2\/categories?post=4555"},{"taxonomy":"post_tag","embeddable":true,"href":"https:\/\/partners.flexado.com\/fr\/wp-json\/wp\/v2\/tags?post=4555"}],"curies":[{"name":"wp","href":"https:\/\/api.w.org\/{rel}","templated":true}]}}